{"id":172,"date":"2025-08-25T14:55:02","date_gmt":"2025-08-25T14:55:02","guid":{"rendered":"https:\/\/www.auster.cz\/?p=172"},"modified":"2025-08-25T14:55:04","modified_gmt":"2025-08-25T14:55:04","slug":"den-ve-vzduchu-2025-plasy","status":"publish","type":"post","link":"https:\/\/www.auster.cz\/?p=172","title":{"rendered":"DEN VE VZDUCHU 2025 PLASY"},"content":{"rendered":"\n<p>Na\u0161e prvn\u00ed leto\u0161n\u00ed leteck\u00e9 vystoupen\u00ed se uskute\u010dnilo posledn\u00ed dubnov\u00fd v\u00edkend v Plas\u00edch, na akci s n\u00e1zvem Den ve vzduchu. Tedy.. je to cel\u00fd v\u00edkend ve vzduchu a tento leteck\u00fd den je v\u017edy velmi dob\u0159e organizovan\u00fd a m\u00e1 skv\u011blou n\u00e1v\u0161t\u011bvnickou \u00fa\u010dast. <\/p>\n\n\n\n<p>Po\u010das\u00ed bylo skv\u011bl\u00e9, jen trochu v\u011btrno. L\u00e9talo se oba dny a byly k vid\u011bn\u00ed kr\u00e1sn\u00e9 uk\u00e1zky zaj\u00edmav\u00fdch letadel. M\u011b osobn\u011b se hodn\u011b l\u00edbila AVIA C 11 p\u0159edv\u00e1d\u011bn\u00e1 Tom\u00e1\u0161em Bru\u0161t\u00edkem, hlavn\u011b tedy Tom\u00e1\u0161\u016fv cit pro tento stroj. Dvojice elegantn\u00edch SIAI Marchetti SF 260, n\u00edzk\u00e9 pr\u016flety a zvuk motoru Po 2 Kukuruznik a skupina Tren\u00e9r\u016f se zata\u017een\u00fdmi podvozky. Tak\u00e9 m\u011b pot\u011b\u0161ilo p\u0159ed\u00e1v\u00e1n\u00ed cen za celo\u017eivotn\u00ed \u010dinnost v letectv\u00ed t\u0159em ex millitary pilot\u016fm, proto\u017ee dva z nich zn\u00e1m osobn\u011b z l\u00e9t\u00e1n\u00ed u \u010cSA a l\u00e9tat s nimi bylo v\u017edy prima. <\/p>\n\n\n\n<p>Ud\u011blal jsem kr\u00e1tk\u00e9 video zde.<\/p>\n\n\n\n<figure class=\"wp-block-embed is-type-video is-provider-youtube wp-block-embed-youtube wp-embed-aspect-16-9 wp-has-aspect-ratio\"><div class=\"wp-block-embed__wrapper\">\n<iframe loading=\"lazy\" title=\"Den ve vzduchu Plasy 2025\" width=\"735\" height=\"413\" src=\"https:\/\/www.youtube.com\/embed\/-5j-jBsbsdo?feature=oembed\" frameborder=\"0\" allow=\"accelerometer; autoplay; clipboard-write; encrypted-media; gyroscope; picture-in-picture; web-share\" referrerpolicy=\"strict-origin-when-cross-origin\" allowfullscreen><\/iframe>\n<\/div><\/figure>\n","protected":false},"excerpt":{"rendered":"<p>Na\u0161e prvn\u00ed leto\u0161n\u00ed leteck\u00e9 vystoupen\u00ed se uskute\u010dnilo posledn\u00ed dubnov\u00fd v\u00edkend v Plas\u00edch, na akci s n\u00e1zvem Den ve vzduchu. Tedy.. je to cel\u00fd v\u00edkend ve vzduchu a tento leteck\u00fd den &hellip; <\/p>\n","protected":false},"author":1,"featured_media":173,"comment_status":"closed","ping_status":"closed","sticky":false,"template":"","format":"standard","meta":{"footnotes":""},"categories":[6],"tags":[],"class_list":["post-172","post","type-post","status-publish","format-standard","has-post-thumbnail","hentry","category-aktuality"],"_links":{"self":[{"href":"https:\/\/www.auster.cz\/index.php?rest_route=\/wp\/v2\/posts\/172","targetHints":{"allow":["GET"]}}],"collection":[{"href":"https:\/\/www.auster.cz\/index.php?rest_route=\/wp\/v2\/posts"}],"about":[{"href":"https:\/\/www.auster.cz\/index.php?rest_route=\/wp\/v2\/types\/post"}],"author":[{"embeddable":true,"href":"https:\/\/www.auster.cz\/index.php?rest_route=\/wp\/v2\/users\/1"}],"replies":[{"embeddable":true,"href":"https:\/\/www.auster.cz\/index.php?rest_route=%2Fwp%2Fv2%2Fcomments&post=172"}],"version-history":[{"count":1,"href":"https:\/\/www.auster.cz\/index.php?rest_route=\/wp\/v2\/posts\/172\/revisions"}],"predecessor-version":[{"id":174,"href":"https:\/\/www.auster.cz\/index.php?rest_route=\/wp\/v2\/posts\/172\/revisions\/174"}],"wp:featuredmedia":[{"embeddable":true,"href":"https:\/\/www.auster.cz\/index.php?rest_route=\/wp\/v2\/media\/173"}],"wp:attachment":[{"href":"https:\/\/www.auster.cz\/index.php?rest_route=%2Fwp%2Fv2%2Fmedia&parent=172"}],"wp:term":[{"taxonomy":"category","embeddable":true,"href":"https:\/\/www.auster.cz\/index.php?rest_route=%2Fwp%2Fv2%2Fcategories&post=172"},{"taxonomy":"post_tag","embeddable":true,"href":"https:\/\/www.auster.cz\/index.php?rest_route=%2Fwp%2Fv2%2Ftags&post=172"}],"curies":[{"name":"wp","href":"https:\/\/api.w.org\/{rel}","templated":true}]}}