{"id":176,"date":"2025-08-25T15:01:15","date_gmt":"2025-08-25T15:01:15","guid":{"rendered":"https:\/\/www.auster.cz\/?p=176"},"modified":"2025-08-25T15:01:17","modified_gmt":"2025-08-25T15:01:17","slug":"80-let-od-priletu-cs-peruti-raf-do-prahy","status":"publish","type":"post","link":"https:\/\/www.auster.cz\/?p=176","title":{"rendered":"80 LET OD P\u0158\u00cdLETU \u010cS PERUT\u00cd RAF DO PRAHY"},"content":{"rendered":"\n<p>13.srpen 2025, odpoledne. Na rwy 12 Ruzy\u0148sk\u00e9ho leti\u0161t\u011b p\u0159ist\u00e1v\u00e1 britsk\u00fd Auster Mk.V, OK-BTA. P\u0159esn\u011b 80. let pot\u00e9 co odpoledne 13.8.1945 za\u010daly v Praze Ruzyni p\u0159ist\u00e1vat prvn\u00ed Spitfiry RAF veden\u00e9 Wing Commanderem Jaroslavem Hla\u010fou. V roce 1945 ohromn\u00e1 sl\u00e1va. V roce 2025 jsme cht\u011bli rozdm\u00fdchat my\u0161lenku skupinov\u00e9ho p\u0159\u00edletu stroj\u016f RAF, kter\u00e9 l\u00e9taj\u00ed v \u010cesk\u00e9 Republice. To se nakonec nepovedlo a tak jsme p\u0159ilet\u011bli s na\u0161\u00edm Austerem aspo\u0148 my. <\/p>\n\n\n\n<p>P\u0159i p\u0159\u00edprav\u00e1ch i samotn\u00e9 akci n\u00e1m byli velmi n\u00e1pomocni \u0159\u00edd\u00edc\u00ed \u0158LP. Poplatky leti\u0161tn\u00ed i handlingov\u00e9 n\u00e1m byly odpu\u0161t\u011bny &#8211; d\u011bkuji moc b\u00fdval\u00e9mu kolegovi z \u010cSA Va\u0161kovi V\u00e1lkovi, kter\u00fd nyn\u00ed pracuje pro Leti\u0161t\u011b Praha a tak\u00e9 spolu\u017e\u00e1kovi Rom\u010dovi \u010cervenkovi, kter\u00fd n\u00e1m za\u0159\u00eddil odpustek u Handlingu a z\u00e1rove\u0148 se o n\u00e1s skv\u011ble postaral!<\/p>\n\n\n<div class=\"wp-block-image\">\n<figure class=\"aligncenter size-full\"><a href=\"https:\/\/www.auster.cz\/wp-content\/uploads\/2025\/08\/image5.jpeg\"><img loading=\"lazy\" decoding=\"async\" width=\"640\" height=\"548\" src=\"https:\/\/www.auster.cz\/wp-content\/uploads\/2025\/08\/image5.jpeg\" alt=\"\" class=\"wp-image-177\" srcset=\"https:\/\/www.auster.cz\/wp-content\/uploads\/2025\/08\/image5.jpeg 640w, https:\/\/www.auster.cz\/wp-content\/uploads\/2025\/08\/image5-300x257.jpeg 300w\" sizes=\"auto, (max-width: 640px) 100vw, 640px\" \/><\/a><\/figure>\n<\/div>\n\n\n<p><br>U pomn\u00edku v parku p\u0159ed starou leti\u0161tn\u00ed halou, jsme se n\u00e1hodn\u011b setkali a sezn\u00e1mili s pan\u00ed Bo\u017eenou Hla\u010fovou, man\u017eelkou Wing Commandera Jaroslava Hla\u010fa. D\u00e1le s jej\u00ed dcerou, vnukem a pravnu\u010dkou. Setk\u00e1n\u00ed s pan\u00ed Bo\u017eenou a jej\u00ed rodinnou byla pro n\u00e1s ohromn\u00e1 \u010dest a obrovsky n\u00e1s pot\u011b\u0161il jej\u00ed z\u00e1jem prohl\u00e9dnout si n\u00e1\u0161 Auster, kter\u00fd slou\u017eil v RAF od srpna 1945 a\u017e do roku 1953. N\u011bco podobn\u00e9ho jsme si nep\u0159edstavili ani v nejodv\u00e1\u017en\u011bj\u0161\u00edch snech. Byla to pro n\u00e1s nejv\u011bt\u0161\u00ed odm\u011bna za na\u0161i snahu. <\/p>\n\n\n\n<p>Video zde.<\/p>\n\n\n\n<figure class=\"wp-block-embed is-type-video is-provider-youtube wp-block-embed-youtube wp-embed-aspect-16-9 wp-has-aspect-ratio\"><div class=\"wp-block-embed__wrapper\">\n<iframe loading=\"lazy\" title=\"80 LET OD NA\u0301VRATU  C\u030cESKOSLOVENSKY\u0301CH PERUTI\u0301 RAF 13 SRPEN 2025\" width=\"735\" height=\"413\" src=\"https:\/\/www.youtube.com\/embed\/bbzOIqY2UBY?feature=oembed\" frameborder=\"0\" allow=\"accelerometer; autoplay; clipboard-write; encrypted-media; gyroscope; picture-in-picture; web-share\" referrerpolicy=\"strict-origin-when-cross-origin\" allowfullscreen><\/iframe>\n<\/div><\/figure>\n\n\n\n<p><\/p>\n","protected":false},"excerpt":{"rendered":"<p>13.srpen 2025, odpoledne. Na rwy 12 Ruzy\u0148sk\u00e9ho leti\u0161t\u011b p\u0159ist\u00e1v\u00e1 britsk\u00fd Auster Mk.V, OK-BTA. P\u0159esn\u011b 80. let pot\u00e9 co odpoledne 13.8.1945 za\u010daly v Praze Ruzyni p\u0159ist\u00e1vat prvn\u00ed Spitfiry RAF veden\u00e9 Wing &hellip; <\/p>\n","protected":false},"author":1,"featured_media":178,"comment_status":"closed","ping_status":"closed","sticky":false,"template":"","format":"standard","meta":{"footnotes":""},"categories":[1],"tags":[],"class_list":["post-176","post","type-post","status-publish","format-standard","has-post-thumbnail","hentry","category-uncategorized"],"_links":{"self":[{"href":"https:\/\/www.auster.cz\/index.php?rest_route=\/wp\/v2\/posts\/176","targetHints":{"allow":["GET"]}}],"collection":[{"href":"https:\/\/www.auster.cz\/index.php?rest_route=\/wp\/v2\/posts"}],"about":[{"href":"https:\/\/www.auster.cz\/index.php?rest_route=\/wp\/v2\/types\/post"}],"author":[{"embeddable":true,"href":"https:\/\/www.auster.cz\/index.php?rest_route=\/wp\/v2\/users\/1"}],"replies":[{"embeddable":true,"href":"https:\/\/www.auster.cz\/index.php?rest_route=%2Fwp%2Fv2%2Fcomments&post=176"}],"version-history":[{"count":1,"href":"https:\/\/www.auster.cz\/index.php?rest_route=\/wp\/v2\/posts\/176\/revisions"}],"predecessor-version":[{"id":179,"href":"https:\/\/www.auster.cz\/index.php?rest_route=\/wp\/v2\/posts\/176\/revisions\/179"}],"wp:featuredmedia":[{"embeddable":true,"href":"https:\/\/www.auster.cz\/index.php?rest_route=\/wp\/v2\/media\/178"}],"wp:attachment":[{"href":"https:\/\/www.auster.cz\/index.php?rest_route=%2Fwp%2Fv2%2Fmedia&parent=176"}],"wp:term":[{"taxonomy":"category","embeddable":true,"href":"https:\/\/www.auster.cz\/index.php?rest_route=%2Fwp%2Fv2%2Fcategories&post=176"},{"taxonomy":"post_tag","embeddable":true,"href":"https:\/\/www.auster.cz\/index.php?rest_route=%2Fwp%2Fv2%2Ftags&post=176"}],"curies":[{"name":"wp","href":"https:\/\/api.w.org\/{rel}","templated":true}]}}