{"id":207,"date":"2026-02-09T06:23:45","date_gmt":"2026-02-09T06:23:45","guid":{"rendered":"https:\/\/www.auster.cz\/?p=207"},"modified":"2026-02-12T17:42:31","modified_gmt":"2026-02-12T17:42:31","slug":"661-squadron-raf","status":"publish","type":"post","link":"https:\/\/www.auster.cz\/?p=207","title":{"rendered":"661 Squadron RAF"},"content":{"rendered":"\n<p>Jak jsme ji\u017e psali v odkazu o historii na\u0161eho Austeru OK-BTA, svoj\u00ed vojenskou slu\u017ebu ukon\u010dil u 661. perut\u011b RAF. To je sice pravda, ale nen\u00ed to \u00fapln\u011b p\u0159esn\u00e9. Zde je ve stru\u010dnosti shrnuta historie a p\u0159esn\u00e9 n\u00e1zvy 661. &nbsp;perut\u011b.&nbsp;<\/p>\n\n\n\n<p>RAF &#8211; Royal Air Force<\/p>\n\n\n<div class=\"wp-block-image\">\n<figure class=\"aligncenter size-full\"><img loading=\"lazy\" decoding=\"async\" width=\"479\" height=\"626\" src=\"https:\/\/www.auster.cz\/wp-content\/uploads\/2026\/02\/SQ2.jpg\" alt=\"\" class=\"wp-image-213\" srcset=\"https:\/\/www.auster.cz\/wp-content\/uploads\/2026\/02\/SQ2.jpg 479w, https:\/\/www.auster.cz\/wp-content\/uploads\/2026\/02\/SQ2-230x300.jpg 230w\" sizes=\"auto, (max-width: 479px) 100vw, 479px\" \/><\/figure>\n<\/div>\n\n\n<p>661. peru\u0165 RAF &nbsp;byla zalo\u017eena (zformov\u00e1na) na z\u00e1kladn\u011b RAF Old Sarum 31. srpna 1943. \u00dalohou perut\u011b bylo podporovat kanadskou 1. arm\u00e1du, se kterou se v \u010dervenci 1944 p\u0159esunula do Francie. S kana\u010fany pro\u0161la z Normandie a\u017e do N\u011bmecka. Peru\u0165 byla zru\u0161ena (rozpu\u0161t\u011bna) v belgick\u00e9m Gentu 31. \u0159\u00edjna 1945.&nbsp;<\/p>\n\n\n\n<p>Letouny pou\u017e\u00edvan\u00e9 ve v\u00e1le\u010dn\u00e9 dob\u011b byly Austery Mk. III, Mk. IV a &nbsp;Mk. V.&nbsp;<\/p>\n\n\n\n<p>RAuxAF &#8211; Royal Auxiliary Air Force<\/p>\n\n\n<div class=\"wp-block-image\">\n<figure class=\"aligncenter size-full\"><img loading=\"lazy\" decoding=\"async\" width=\"449\" height=\"626\" src=\"https:\/\/www.auster.cz\/wp-content\/uploads\/2026\/02\/SQ3.jpg\" alt=\"\" class=\"wp-image-212\" srcset=\"https:\/\/www.auster.cz\/wp-content\/uploads\/2026\/02\/SQ3.jpg 449w, https:\/\/www.auster.cz\/wp-content\/uploads\/2026\/02\/SQ3-215x300.jpg 215w\" sizes=\"auto, (max-width: 449px) 100vw, 449px\" \/><\/figure>\n<\/div>\n\n\n<p>Dal\u0161\u00ed kapitola 661. perut\u011b se za\u010dala ps\u00e1t 1. kv\u011btna 1949. Na z\u00e1kladn\u011b RAF Kenley byla zformov\u00e1na 661. peru\u0165 &nbsp;Kr\u00e1lovsk\u00e9ho pomocn\u00e9ho letectva (Royal Auxiliary Air Force), kter\u00e1 se skl\u00e1dala z p\u011bti letek \u2013 \u010d. 1957, 1958, 1959, 1960 a 1961 (AOP). Pr\u00e1v\u011b v letce 1961 AOP slou\u017eil n\u00e1\u0161 Auster Mk. V.&nbsp;<\/p>\n\n\n\n<p>&nbsp;661. peru\u0165 RAuxAF poskytovala podporu arm\u00e1d\u011b v oblasti ji\u017en\u00edho Lond\u00fdna a Surrey. &nbsp;Byla rozpu\u0161t\u011bna &nbsp;10. b\u0159ezna 1957 na z\u00e1kladn\u011b RAF Henlow.<\/p>\n\n\n\n<p>Letouny 661. perut\u011b RAuxAF byly Austery Mk. IV, Mk. V a AOP 6.&nbsp;<\/p>\n\n\n\n<p>AAC &#8211; Army Air Corps<\/p>\n\n\n<div class=\"wp-block-image\">\n<figure class=\"aligncenter size-full\"><img loading=\"lazy\" decoding=\"async\" width=\"438\" height=\"583\" src=\"https:\/\/www.auster.cz\/wp-content\/uploads\/2026\/02\/SQ4.jpg\" alt=\"\" class=\"wp-image-211\" srcset=\"https:\/\/www.auster.cz\/wp-content\/uploads\/2026\/02\/SQ4.jpg 438w, https:\/\/www.auster.cz\/wp-content\/uploads\/2026\/02\/SQ4-225x300.jpg 225w\" sizes=\"auto, (max-width: 438px) 100vw, 438px\" \/><\/figure>\n<\/div>\n\n\n<p>Posledn\u00ed a dosud st\u00e1le platn\u00e1 kapitola 661. perut\u011b za\u010dala v \u0159\u00edjnu 1969, kdy v n\u011bmeck\u00e9m Detmoldu vznikla 661 Aviation Squadron AAC. Peru\u0165 se z\u00e1hy p\u0159esouv\u00e1 do Severn\u00edho Irska a v roce 1978 se &nbsp;p\u0159ejmenov\u00e1v\u00e1 na 654 Squadron AAC. Ve stejnou dobu, 1.4.1978 v Hildesheimu, v N\u011bmecku vznik\u00e1 661 Squadron AAC. Tedy doposud posledn\u00ed pokra\u010dovatel a nositel jm\u00e9na 661 Squadron. Slou\u017eila v Ir\u00e1ku i na Balk\u00e1nu. Od roku 1969 &nbsp;pou\u017e\u00edv\u00e1 pouze vrtuln\u00edky.&nbsp;<\/p>\n\n\n\n<p>Pov\u00e1le\u010dn\u00e9 a hlavn\u011b novodob\u00e9 osudy 661. perut\u011b jsou trochu chaotick\u00e9 a neut\u011b\u0161en\u00e9. Stejn\u011b tak jako osudy mnoh\u00fdch zn\u00e1m\u00fdch britsk\u00fdch leti\u0161\u0165, leteck\u00fdch spole\u010dnost\u00ed i v\u00fdrobc\u016f letadel&#8230;<\/p>\n","protected":false},"excerpt":{"rendered":"<p>Jak jsme ji\u017e psali v odkazu o historii na\u0161eho Austeru OK-BTA, svoj\u00ed vojenskou slu\u017ebu ukon\u010dil u 661. perut\u011b RAF. To je sice pravda, ale nen\u00ed to \u00fapln\u011b p\u0159esn\u00e9. Zde je &hellip; <\/p>\n","protected":false},"author":1,"featured_media":0,"comment_status":"closed","ping_status":"closed","sticky":false,"template":"","format":"standard","meta":{"footnotes":""},"categories":[1],"tags":[],"class_list":["post-207","post","type-post","status-publish","format-standard","hentry","category-uncategorized"],"_links":{"self":[{"href":"https:\/\/www.auster.cz\/index.php?rest_route=\/wp\/v2\/posts\/207","targetHints":{"allow":["GET"]}}],"collection":[{"href":"https:\/\/www.auster.cz\/index.php?rest_route=\/wp\/v2\/posts"}],"about":[{"href":"https:\/\/www.auster.cz\/index.php?rest_route=\/wp\/v2\/types\/post"}],"author":[{"embeddable":true,"href":"https:\/\/www.auster.cz\/index.php?rest_route=\/wp\/v2\/users\/1"}],"replies":[{"embeddable":true,"href":"https:\/\/www.auster.cz\/index.php?rest_route=%2Fwp%2Fv2%2Fcomments&post=207"}],"version-history":[{"count":1,"href":"https:\/\/www.auster.cz\/index.php?rest_route=\/wp\/v2\/posts\/207\/revisions"}],"predecessor-version":[{"id":214,"href":"https:\/\/www.auster.cz\/index.php?rest_route=\/wp\/v2\/posts\/207\/revisions\/214"}],"wp:attachment":[{"href":"https:\/\/www.auster.cz\/index.php?rest_route=%2Fwp%2Fv2%2Fmedia&parent=207"}],"wp:term":[{"taxonomy":"category","embeddable":true,"href":"https:\/\/www.auster.cz\/index.php?rest_route=%2Fwp%2Fv2%2Fcategories&post=207"},{"taxonomy":"post_tag","embeddable":true,"href":"https:\/\/www.auster.cz\/index.php?rest_route=%2Fwp%2Fv2%2Ftags&post=207"}],"curies":[{"name":"wp","href":"https:\/\/api.w.org\/{rel}","templated":true}]}}