{"id":244,"date":"2026-04-14T16:37:13","date_gmt":"2026-04-14T16:37:13","guid":{"rendered":"https:\/\/www.auster.cz\/?p=244"},"modified":"2026-04-14T16:37:14","modified_gmt":"2026-04-14T16:37:14","slug":"austery-v-ceskoslovenskem-letectvu","status":"publish","type":"post","link":"https:\/\/www.auster.cz\/?p=244","title":{"rendered":"Austery v \u010deskoslovensk\u00e9m letectvu"},"content":{"rendered":"\n<p>Jak jsem ji\u017e psal ve \u010dl\u00e1nku &#8222;Pro\u010d Auster na \u010desk\u00e9m nebi?&#8220;, na Austerech l\u00e9tali i \u010deskosloven\u0161t\u00ed piloti. A to nejen ve druh\u00e9 sv\u011btov\u00e9 v\u00e1lce v \u0159ad\u00e1ch RAF, ale tak\u00e9 v prvn\u00edch pov\u00e1le\u010dn\u00fdch letech v obnoven\u00e9m \u010deskoslovensk\u00e9m letectvu.<\/p>\n\n\n\n<p>\u010ceskoslovensk\u00e9 letectvo vyu\u017eilo t\u00e9m\u011b\u0159 v\u0161e, co zde po n\u011bmc\u00edch po v\u00e1lce z\u016fstalo. D\u00e1le zde l\u00e9taly n\u011bkter\u00e9 typy letoun\u016f z v\u00fdzbroje letectev v\u00edt\u011bzn\u00fdch mocnost\u00ed. Velmi brzo se rozb\u011bhla i v\u00fdroba nov\u00fdch letadel. Rozmanitost typ\u016f byla obrovsk\u00e1.<\/p>\n\n\n\n<p>N\u00e1sleduj\u00edc\u00ed \u0159\u00e1dky jsou p\u0159episem \u010d\u00e1sti \u010dl\u00e1nku, POSLEDN\u00cd DOMA, 2.\u010d\u00e1st, historika VH\u00da Praha, pana Ji\u0159\u00edho Rajlicha a d\u00e1le kapitola v\u011bnovan\u00e1 Auster\u016fm z knihy V\u00ddZBROJ \u010cS. VOJENSK\u00c9HO LETECTVA 1945-1950, 1.d\u00edl pana Miroslava Irry.&nbsp;<\/p>\n\n\n\n<p>Dne 22. srpna 1945 p\u0159ilet\u011bly do Prahy-Ruzyn\u011b t\u0159i spojovac\u00ed hornoplo\u0161n\u00edky Auster AOP Mk. III, ka\u017ed\u00fd od jedn\u00e9 ze t\u0159\u00ed \u010ds. st\u00edhac\u00edch perut\u00ed \u010d. 310, 312, 313. Startovaly z Manstonu 18. srpna v 06:30 r\u00e1no a po cest\u011b absolvovaly p\u011bt zast\u00e1vek na dopln\u011bn\u00ed paliva. Tyto letouny pilotovali mjr. Josef Hanu\u0161, DFC, \u0161kpt. V\u00e1clav Raba a ppor. Otakar Machek. Tyto t\u0159i Austery Mk. III z\u016fstaly ve slu\u017eb\u00e1ch \u010ds. vojensk\u00e9ho letectva pod ozna\u010den\u00edm K-61.<\/p>\n\n\n\n<figure class=\"wp-block-image size-full\"><img loading=\"lazy\" decoding=\"async\" width=\"944\" height=\"925\" src=\"https:\/\/www.auster.cz\/wp-content\/uploads\/2026\/04\/image.png\" alt=\"\" class=\"wp-image-246\" srcset=\"https:\/\/www.auster.cz\/wp-content\/uploads\/2026\/04\/image.png 944w, https:\/\/www.auster.cz\/wp-content\/uploads\/2026\/04\/image-300x294.png 300w, https:\/\/www.auster.cz\/wp-content\/uploads\/2026\/04\/image-768x753.png 768w\" sizes=\"auto, (max-width: 944px) 100vw, 944px\" \/><\/figure>\n\n\n\n<figure class=\"wp-block-image size-full\"><img loading=\"lazy\" decoding=\"async\" width=\"944\" height=\"251\" src=\"https:\/\/www.auster.cz\/wp-content\/uploads\/2026\/04\/image-1.png\" alt=\"\" class=\"wp-image-247\" srcset=\"https:\/\/www.auster.cz\/wp-content\/uploads\/2026\/04\/image-1.png 944w, https:\/\/www.auster.cz\/wp-content\/uploads\/2026\/04\/image-1-300x80.png 300w, https:\/\/www.auster.cz\/wp-content\/uploads\/2026\/04\/image-1-768x204.png 768w\" sizes=\"auto, (max-width: 944px) 100vw, 944px\" \/><\/figure>\n\n\n\n<figure class=\"wp-block-image size-full\"><img loading=\"lazy\" decoding=\"async\" width=\"945\" height=\"232\" src=\"https:\/\/www.auster.cz\/wp-content\/uploads\/2026\/04\/image-2.png\" alt=\"\" class=\"wp-image-248\" srcset=\"https:\/\/www.auster.cz\/wp-content\/uploads\/2026\/04\/image-2.png 945w, https:\/\/www.auster.cz\/wp-content\/uploads\/2026\/04\/image-2-300x74.png 300w, https:\/\/www.auster.cz\/wp-content\/uploads\/2026\/04\/image-2-768x189.png 768w\" sizes=\"auto, (max-width: 945px) 100vw, 945px\" \/><\/figure>\n\n\n\n<figure class=\"wp-block-image size-full\"><img loading=\"lazy\" decoding=\"async\" width=\"944\" height=\"409\" src=\"https:\/\/www.auster.cz\/wp-content\/uploads\/2026\/04\/image-3.png\" alt=\"\" class=\"wp-image-249\" srcset=\"https:\/\/www.auster.cz\/wp-content\/uploads\/2026\/04\/image-3.png 944w, https:\/\/www.auster.cz\/wp-content\/uploads\/2026\/04\/image-3-300x130.png 300w, https:\/\/www.auster.cz\/wp-content\/uploads\/2026\/04\/image-3-768x333.png 768w\" sizes=\"auto, (max-width: 944px) 100vw, 944px\" \/><\/figure>\n\n\n\n<p>Toliko kniha pana M. Irry.&nbsp; V t\u00e9to knize jsou i dv\u011b dobov\u00e9 fotografie. Je na nich vid\u011bt Auster Mk. III sn. NK 129.&nbsp; Byly po\u0159\u00edzeny na leti\u0161ti v \u010cesk\u00fdch Bud\u011bjovic\u00edch 8.9.1946.&nbsp; O v\u00edkendu 7.- 8.9.1946 se na leti\u0161ti v Plan\u00e9 konaly oslavy \u0161est\u00e9ho v\u00fdro\u010d\u00ed zalo\u017een\u00ed 312. st\u00edhac\u00ed perut\u011b RAF. P\u0159i t\u00e9 p\u0159\u00edle\u017eitosti byl odhalen prvn\u00ed pov\u00e1le\u010dn\u00fd pomn\u00edk v\u011bnovan\u00fd padl\u00fdm v\u00e1le\u010dn\u00fdm letc\u016fm. Velitelem leti\u0161t\u011b v Plan\u00e9 byl v tu dobu Jaroslav Hla\u010fo, b\u00fdval\u00fd velitel 312. st\u00edhac\u00ed perut\u011b RAF.&nbsp; Ano, wing comander Hla\u010fo, kter\u00fd p\u0159ivedl 13.8.1945 Spitfiry \u010ds. perut\u00ed RAF do Prahy a s jeho\u017e man\u017eelkou, pan\u00ed Bo\u017eenou jsme se sezn\u00e1mili p\u0159esn\u011b o osmdes\u00e1t let pozd\u011bji u pomn\u00edku \u010ds. perut\u00ed RAF na leti\u0161ti Ruzyn\u011b.&nbsp;&nbsp;&nbsp;<\/p>\n\n\n\n<figure class=\"wp-block-embed is-type-wp-embed is-provider-auster-cz wp-block-embed-auster-cz\"><div class=\"wp-block-embed__wrapper\">\n<blockquote class=\"wp-embedded-content\" data-secret=\"QV21XJtxfQ\"><a href=\"https:\/\/www.auster.cz\/?p=176\">80 LET OD P\u0158\u00cdLETU \u010cS PERUT\u00cd RAF DO PRAHY<\/a><\/blockquote><iframe loading=\"lazy\" class=\"wp-embedded-content\" sandbox=\"allow-scripts\" security=\"restricted\" style=\"position: absolute; visibility: hidden;\" title=\"&#8222;80 LET OD P\u0158\u00cdLETU \u010cS PERUT\u00cd RAF DO PRAHY&#8220; &#8212; auster.cz\" src=\"https:\/\/www.auster.cz\/?p=176&#038;embed=true#?secret=9tYsqV1tmM#?secret=QV21XJtxfQ\" data-secret=\"QV21XJtxfQ\" width=\"600\" height=\"338\" frameborder=\"0\" marginwidth=\"0\" marginheight=\"0\" scrolling=\"no\"><\/iframe>\n<\/div><\/figure>\n\n\n<div class=\"wp-block-image\">\n<figure data-wp-context=\"{&quot;imageId&quot;:&quot;69f4793927c34&quot;}\" data-wp-interactive=\"core\/image\" data-wp-key=\"69f4793927c34\" class=\"aligncenter size-full wp-lightbox-container\"><img loading=\"lazy\" decoding=\"async\" width=\"944\" height=\"735\" data-wp-class--hide=\"state.isContentHidden\" data-wp-class--show=\"state.isContentVisible\" data-wp-init=\"callbacks.setButtonStyles\" data-wp-on--click=\"actions.showLightbox\" data-wp-on--load=\"callbacks.setButtonStyles\" data-wp-on-window--resize=\"callbacks.setButtonStyles\" src=\"https:\/\/www.auster.cz\/wp-content\/uploads\/2026\/04\/image-4.png\" alt=\"\" class=\"wp-image-250\" srcset=\"https:\/\/www.auster.cz\/wp-content\/uploads\/2026\/04\/image-4.png 944w, https:\/\/www.auster.cz\/wp-content\/uploads\/2026\/04\/image-4-300x234.png 300w, https:\/\/www.auster.cz\/wp-content\/uploads\/2026\/04\/image-4-768x598.png 768w\" sizes=\"auto, (max-width: 944px) 100vw, 944px\" \/><button\n\t\t\tclass=\"lightbox-trigger\"\n\t\t\ttype=\"button\"\n\t\t\taria-haspopup=\"dialog\"\n\t\t\taria-label=\"Zv\u011bt\u0161it\"\n\t\t\tdata-wp-init=\"callbacks.initTriggerButton\"\n\t\t\tdata-wp-on--click=\"actions.showLightbox\"\n\t\t\tdata-wp-style--right=\"state.imageButtonRight\"\n\t\t\tdata-wp-style--top=\"state.imageButtonTop\"\n\t\t>\n\t\t\t<svg xmlns=\"http:\/\/www.w3.org\/2000\/svg\" width=\"12\" height=\"12\" fill=\"none\" viewBox=\"0 0 12 12\">\n\t\t\t\t<path fill=\"#fff\" d=\"M2 0a2 2 0 0 0-2 2v2h1.5V2a.5.5 0 0 1 .5-.5h2V0H2Zm2 10.5H2a.5.5 0 0 1-.5-.5V8H0v2a2 2 0 0 0 2 2h2v-1.5ZM8 12v-1.5h2a.5.5 0 0 0 .5-.5V8H12v2a2 2 0 0 1-2 2H8Zm2-12a2 2 0 0 1 2 2v2h-1.5V2a.5.5 0 0 0-.5-.5H8V0h2Z\" \/>\n\t\t\t<\/svg>\n\t\t<\/button><\/figure>\n<\/div>\n\n<div class=\"wp-block-image\">\n<figure data-wp-context=\"{&quot;imageId&quot;:&quot;69f4793928130&quot;}\" data-wp-interactive=\"core\/image\" data-wp-key=\"69f4793928130\" class=\"aligncenter size-full wp-lightbox-container\"><img loading=\"lazy\" decoding=\"async\" width=\"944\" height=\"660\" data-wp-class--hide=\"state.isContentHidden\" data-wp-class--show=\"state.isContentVisible\" data-wp-init=\"callbacks.setButtonStyles\" data-wp-on--click=\"actions.showLightbox\" data-wp-on--load=\"callbacks.setButtonStyles\" data-wp-on-window--resize=\"callbacks.setButtonStyles\" src=\"https:\/\/www.auster.cz\/wp-content\/uploads\/2026\/04\/image-5.png\" alt=\"\" class=\"wp-image-251\" srcset=\"https:\/\/www.auster.cz\/wp-content\/uploads\/2026\/04\/image-5.png 944w, https:\/\/www.auster.cz\/wp-content\/uploads\/2026\/04\/image-5-300x210.png 300w, https:\/\/www.auster.cz\/wp-content\/uploads\/2026\/04\/image-5-768x537.png 768w, https:\/\/www.auster.cz\/wp-content\/uploads\/2026\/04\/image-5-135x93.png 135w\" sizes=\"auto, (max-width: 944px) 100vw, 944px\" \/><button\n\t\t\tclass=\"lightbox-trigger\"\n\t\t\ttype=\"button\"\n\t\t\taria-haspopup=\"dialog\"\n\t\t\taria-label=\"Zv\u011bt\u0161it\"\n\t\t\tdata-wp-init=\"callbacks.initTriggerButton\"\n\t\t\tdata-wp-on--click=\"actions.showLightbox\"\n\t\t\tdata-wp-style--right=\"state.imageButtonRight\"\n\t\t\tdata-wp-style--top=\"state.imageButtonTop\"\n\t\t>\n\t\t\t<svg xmlns=\"http:\/\/www.w3.org\/2000\/svg\" width=\"12\" height=\"12\" fill=\"none\" viewBox=\"0 0 12 12\">\n\t\t\t\t<path fill=\"#fff\" d=\"M2 0a2 2 0 0 0-2 2v2h1.5V2a.5.5 0 0 1 .5-.5h2V0H2Zm2 10.5H2a.5.5 0 0 1-.5-.5V8H0v2a2 2 0 0 0 2 2h2v-1.5ZM8 12v-1.5h2a.5.5 0 0 0 .5-.5V8H12v2a2 2 0 0 1-2 2H8Zm2-12a2 2 0 0 1 2 2v2h-1.5V2a.5.5 0 0 0-.5-.5H8V0h2Z\" \/>\n\t\t\t<\/svg>\n\t\t<\/button><\/figure>\n<\/div>\n\n\n<p>Letoun\u016f Auster Mk. III se v Evrop\u011b moc nedochovalo. RAF jich v\u011bt\u0161inu v pr\u016fb\u011bhu v\u00e1lky vym\u011bnila za modely Mk. IV a hlavn\u011b Mk. V.&nbsp; Austery Mk. III byly prod\u00e1ny p\u0159ev\u00e1\u017en\u011b do Austr\u00e1lie a na Nov\u00fd Z\u00e9land. Tak\u00e9 proto, \u017ee se v Austr\u00e1lii vyr\u00e1b\u011bly motory Gipsy Major, kter\u00fdmi byl tento letoun osazen, a tak se dov\u00e1\u017eely v\u011bt\u0161inou pouze draky letoun\u016f. Po skon\u010den\u00ed vojensk\u00e9 kari\u00e9ry byly tyto letouny prod\u00e1ny soukrom\u00fdm vlastn\u00edk\u016fm.&nbsp;<\/p>\n\n\n\n<p>Toto je kr\u00e1tk\u00e1 a laick\u00e1 historie letoun\u016f Auster v ruk\u00e1ch \u010deskoslovensk\u00fdch vojensk\u00fdch pilot\u016f.&nbsp; \u017d\u00e1dn\u00fd ze t\u0159\u00ed letoun\u016f Auster Mk. III, pou\u017e\u00edvan\u00fdch v Anglii a posl\u00e9ze v \u010deskoslovensk\u00e9m letectvu se nedochoval. Do budoucna pl\u00e1nujeme n\u00e1\u0161 model J5F uv\u00e9st do barev \u010deskoslovensk\u00e9ho letectva k\u00f3dov\u00e9ho zna\u010den\u00ed IR 2.&nbsp;<\/p>\n\n\n<div class=\"wp-block-image\">\n<figure data-wp-context=\"{&quot;imageId&quot;:&quot;69f4793928689&quot;}\" data-wp-interactive=\"core\/image\" data-wp-key=\"69f4793928689\" class=\"aligncenter size-full wp-lightbox-container\"><img loading=\"lazy\" decoding=\"async\" width=\"943\" height=\"534\" data-wp-class--hide=\"state.isContentHidden\" data-wp-class--show=\"state.isContentVisible\" data-wp-init=\"callbacks.setButtonStyles\" data-wp-on--click=\"actions.showLightbox\" data-wp-on--load=\"callbacks.setButtonStyles\" data-wp-on-window--resize=\"callbacks.setButtonStyles\" src=\"https:\/\/www.auster.cz\/wp-content\/uploads\/2026\/04\/image-6.png\" alt=\"\" class=\"wp-image-252\" srcset=\"https:\/\/www.auster.cz\/wp-content\/uploads\/2026\/04\/image-6.png 943w, https:\/\/www.auster.cz\/wp-content\/uploads\/2026\/04\/image-6-300x170.png 300w, https:\/\/www.auster.cz\/wp-content\/uploads\/2026\/04\/image-6-768x435.png 768w\" sizes=\"auto, (max-width: 943px) 100vw, 943px\" \/><button\n\t\t\tclass=\"lightbox-trigger\"\n\t\t\ttype=\"button\"\n\t\t\taria-haspopup=\"dialog\"\n\t\t\taria-label=\"Zv\u011bt\u0161it\"\n\t\t\tdata-wp-init=\"callbacks.initTriggerButton\"\n\t\t\tdata-wp-on--click=\"actions.showLightbox\"\n\t\t\tdata-wp-style--right=\"state.imageButtonRight\"\n\t\t\tdata-wp-style--top=\"state.imageButtonTop\"\n\t\t>\n\t\t\t<svg xmlns=\"http:\/\/www.w3.org\/2000\/svg\" width=\"12\" height=\"12\" fill=\"none\" viewBox=\"0 0 12 12\">\n\t\t\t\t<path fill=\"#fff\" d=\"M2 0a2 2 0 0 0-2 2v2h1.5V2a.5.5 0 0 1 .5-.5h2V0H2Zm2 10.5H2a.5.5 0 0 1-.5-.5V8H0v2a2 2 0 0 0 2 2h2v-1.5ZM8 12v-1.5h2a.5.5 0 0 0 .5-.5V8H12v2a2 2 0 0 1-2 2H8Zm2-12a2 2 0 0 1 2 2v2h-1.5V2a.5.5 0 0 0-.5-.5H8V0h2Z\" \/>\n\t\t\t<\/svg>\n\t\t<\/button><\/figure>\n<\/div>","protected":false},"excerpt":{"rendered":"<p>Jak jsem ji\u017e psal ve \u010dl\u00e1nku &#8222;Pro\u010d Auster na \u010desk\u00e9m nebi?&#8220;, na Austerech l\u00e9tali i \u010deskosloven\u0161t\u00ed piloti. A to nejen ve druh\u00e9 sv\u011btov\u00e9 v\u00e1lce v \u0159ad\u00e1ch RAF, ale tak\u00e9 v &hellip; <\/p>\n","protected":false},"author":1,"featured_media":245,"comment_status":"closed","ping_status":"closed","sticky":false,"template":"","format":"standard","meta":{"footnotes":""},"categories":[1],"tags":[],"class_list":["post-244","post","type-post","status-publish","format-standard","has-post-thumbnail","hentry","category-uncategorized"],"_links":{"self":[{"href":"https:\/\/www.auster.cz\/index.php?rest_route=\/wp\/v2\/posts\/244","targetHints":{"allow":["GET"]}}],"collection":[{"href":"https:\/\/www.auster.cz\/index.php?rest_route=\/wp\/v2\/posts"}],"about":[{"href":"https:\/\/www.auster.cz\/index.php?rest_route=\/wp\/v2\/types\/post"}],"author":[{"embeddable":true,"href":"https:\/\/www.auster.cz\/index.php?rest_route=\/wp\/v2\/users\/1"}],"replies":[{"embeddable":true,"href":"https:\/\/www.auster.cz\/index.php?rest_route=%2Fwp%2Fv2%2Fcomments&post=244"}],"version-history":[{"count":1,"href":"https:\/\/www.auster.cz\/index.php?rest_route=\/wp\/v2\/posts\/244\/revisions"}],"predecessor-version":[{"id":253,"href":"https:\/\/www.auster.cz\/index.php?rest_route=\/wp\/v2\/posts\/244\/revisions\/253"}],"wp:featuredmedia":[{"embeddable":true,"href":"https:\/\/www.auster.cz\/index.php?rest_route=\/wp\/v2\/media\/245"}],"wp:attachment":[{"href":"https:\/\/www.auster.cz\/index.php?rest_route=%2Fwp%2Fv2%2Fmedia&parent=244"}],"wp:term":[{"taxonomy":"category","embeddable":true,"href":"https:\/\/www.auster.cz\/index.php?rest_route=%2Fwp%2Fv2%2Fcategories&post=244"},{"taxonomy":"post_tag","embeddable":true,"href":"https:\/\/www.auster.cz\/index.php?rest_route=%2Fwp%2Fv2%2Ftags&post=244"}],"curies":[{"name":"wp","href":"https:\/\/api.w.org\/{rel}","templated":true}]}}